{"id":727,"date":"2010-04-14T16:19:16","date_gmt":"2010-04-14T15:19:16","guid":{"rendered":"http:\/\/elrecreo.sapristi.es\/?p=727"},"modified":"2010-04-14T16:48:47","modified_gmt":"2010-04-14T15:48:47","slug":"la-dama-y-la-muerte","status":"publish","type":"post","link":"https:\/\/elrecreo.sapristi.es\/?p=727","title":{"rendered":"La dama y la muerte"},"content":{"rendered":"<p><object width=\"640\" height=\"385\"><param name=\"movie\" value=\"http:\/\/www.youtube.com\/v\/3dt47iqLBfU&#038;hl=es_ES&#038;fs=1&#038;\"><\/param><param name=\"allowFullScreen\" value=\"true\"><\/param><param name=\"allowscriptaccess\" value=\"always\"><\/param><embed src=\"http:\/\/www.youtube.com\/v\/3dt47iqLBfU&#038;hl=es_ES&#038;fs=1&#038;\" type=\"application\/x-shockwave-flash\" allowscriptaccess=\"always\" allowfullscreen=\"true\" width=\"640\" height=\"385\"><\/embed><\/object><\/p>\n<p>Impresionante corto de animaci\u00f3n dirigido por el espa\u00f1ol Javier Recio, que se llev\u00f3 el Goya al mejor corto de animaci\u00f3n y  fue nominado a los Oscar. Nos ha encantado, esperamos que a vosotros tambi\u00e9n. Ya nos dir\u00e9is.<\/p>\n","protected":false},"excerpt":{"rendered":"<p>Impresionante corto de animaci\u00f3n dirigido por el espa\u00f1ol Javier Recio, que se llev\u00f3 el Goya al mejor corto de animaci\u00f3n y fue nominado a los Oscar. Nos ha encantado, esperamos que a vosotros tambi\u00e9n. Ya nos dir\u00e9is.<\/p>\n","protected":false},"author":1,"featured_media":0,"comment_status":"open","ping_status":"open","sticky":false,"template":"","format":"standard","meta":{"footnotes":""},"categories":[9],"tags":[],"_links":{"self":[{"href":"https:\/\/elrecreo.sapristi.es\/index.php?rest_route=\/wp\/v2\/posts\/727"}],"collection":[{"href":"https:\/\/elrecreo.sapristi.es\/index.php?rest_route=\/wp\/v2\/posts"}],"about":[{"href":"https:\/\/elrecreo.sapristi.es\/index.php?rest_route=\/wp\/v2\/types\/post"}],"author":[{"embeddable":true,"href":"https:\/\/elrecreo.sapristi.es\/index.php?rest_route=\/wp\/v2\/users\/1"}],"replies":[{"embeddable":true,"href":"https:\/\/elrecreo.sapristi.es\/index.php?rest_route=%2Fwp%2Fv2%2Fcomments&post=727"}],"version-history":[{"count":0,"href":"https:\/\/elrecreo.sapristi.es\/index.php?rest_route=\/wp\/v2\/posts\/727\/revisions"}],"wp:attachment":[{"href":"https:\/\/elrecreo.sapristi.es\/index.php?rest_route=%2Fwp%2Fv2%2Fmedia&parent=727"}],"wp:term":[{"taxonomy":"category","embeddable":true,"href":"https:\/\/elrecreo.sapristi.es\/index.php?rest_route=%2Fwp%2Fv2%2Fcategories&post=727"},{"taxonomy":"post_tag","embeddable":true,"href":"https:\/\/elrecreo.sapristi.es\/index.php?rest_route=%2Fwp%2Fv2%2Ftags&post=727"}],"curies":[{"name":"wp","href":"https:\/\/api.w.org\/{rel}","templated":true}]}}