{"id":419,"date":"2009-03-11T13:02:15","date_gmt":"2009-03-11T12:02:15","guid":{"rendered":"http:\/\/elrecreo.sapristi.es\/?p=419"},"modified":"2009-03-11T13:16:02","modified_gmt":"2009-03-11T12:16:02","slug":"garmol-en-fallas","status":"publish","type":"post","link":"https:\/\/elrecreo.sapristi.es\/?p=419","title":{"rendered":"Garmol en Fallas"},"content":{"rendered":"<p><a href='http:\/\/elrecreo.sapristi.es\/wp-content\/uploads\/2009\/03\/garmol.jpg' title='garmol.jpg'><img src='http:\/\/elrecreo.sapristi.es\/wp-content\/uploads\/2009\/03\/garmol.jpg' alt='garmol.jpg' \/><\/a><\/p>\n<p>Hace unos a\u00f1os, alguien pens\u00f3 que ser\u00eda una buena idea quemar unas cuantas naves del pol\u00edgono industrial de D\u00e9nia. Debido a ese alguien, una empresa, <a href=\"http:\/\/www.garmol.com\">GARMOL<\/a>, dedicada a la fabricaci\u00f3n de carros de la compra, qued\u00f3 completamente calcinada. M\u00e1s de 20 a\u00f1os de trabajo hechos cenizas. <\/p>\n<p>Sin embargo, al d\u00eda siguiente ya estaban trabajando. Como pod\u00edan, pero trabajando. Y hoy el edificio vuelve a estar en pie y la empresa sigue lanzando nuevas colecciones que se venden en toda Europa. <\/p>\n<p>Hace unos meses contactaron con <a href=\"http:\/\/www.sapristi.es\">Sapristi<\/a> y nos pidieron que colabor\u00e1ramos con ellos en el relanzamiento de la marca. Hemos creado una nueva imagen y muy pronto os presentaremos todas las novedades que estamos preparando. <\/p>\n<p>Tanto ellos como nosotros hemos pensado que estar\u00eda bien aprovechar las fallas para, imbuidos del verdadero esp\u00edritu fallero, renacer de las cenizas y presentar la nueva marca Garmol. <\/p>\n<p>Aqu\u00ed ten\u00e9is la primicia. Esperamos que os guste. <\/p>\n","protected":false},"excerpt":{"rendered":"<p>Hace unos a\u00f1os, alguien pens\u00f3 que ser\u00eda una buena idea quemar unas cuantas naves del pol\u00edgono industrial de D\u00e9nia. Debido a ese alguien, una empresa, GARMOL, dedicada a la fabricaci\u00f3n de carros de la compra, qued\u00f3 completamente calcinada. M\u00e1s de 20 a\u00f1os de trabajo hechos cenizas. Sin embargo, al d\u00eda siguiente ya estaban trabajando. Como [&hellip;]<\/p>\n","protected":false},"author":1,"featured_media":0,"comment_status":"open","ping_status":"open","sticky":false,"template":"","format":"standard","meta":{"footnotes":""},"categories":[6],"tags":[],"_links":{"self":[{"href":"https:\/\/elrecreo.sapristi.es\/index.php?rest_route=\/wp\/v2\/posts\/419"}],"collection":[{"href":"https:\/\/elrecreo.sapristi.es\/index.php?rest_route=\/wp\/v2\/posts"}],"about":[{"href":"https:\/\/elrecreo.sapristi.es\/index.php?rest_route=\/wp\/v2\/types\/post"}],"author":[{"embeddable":true,"href":"https:\/\/elrecreo.sapristi.es\/index.php?rest_route=\/wp\/v2\/users\/1"}],"replies":[{"embeddable":true,"href":"https:\/\/elrecreo.sapristi.es\/index.php?rest_route=%2Fwp%2Fv2%2Fcomments&post=419"}],"version-history":[{"count":0,"href":"https:\/\/elrecreo.sapristi.es\/index.php?rest_route=\/wp\/v2\/posts\/419\/revisions"}],"wp:attachment":[{"href":"https:\/\/elrecreo.sapristi.es\/index.php?rest_route=%2Fwp%2Fv2%2Fmedia&parent=419"}],"wp:term":[{"taxonomy":"category","embeddable":true,"href":"https:\/\/elrecreo.sapristi.es\/index.php?rest_route=%2Fwp%2Fv2%2Fcategories&post=419"},{"taxonomy":"post_tag","embeddable":true,"href":"https:\/\/elrecreo.sapristi.es\/index.php?rest_route=%2Fwp%2Fv2%2Ftags&post=419"}],"curies":[{"name":"wp","href":"https:\/\/api.w.org\/{rel}","templated":true}]}}